{"id":7265,"date":"2011-06-25T20:24:30","date_gmt":"2011-06-25T18:24:30","guid":{"rendered":"http:\/\/vpmedias.fr\/?p=7265"},"modified":"2011-06-26T00:24:47","modified_gmt":"2011-06-25T22:24:47","slug":"presidenteilles-la-revelation","status":"publish","type":"post","link":"https:\/\/vpmedias.fr\/?p=7265","title":{"rendered":"Pr\u00e9sidentielles : la r\u00e9v\u00e9lation"},"content":{"rendered":"<p style=\"text-align: justify;\">Ola Ol\u00e9 Peuple Vpmiens<\/p>\n<p style=\"text-align: justify;\">Je prends ma plus belle plume afin de vous \u00e9crire ces quelques lignes.<\/p>\n<p style=\"text-align: justify;\">En effet lors  l \u00e9clipse totale de lune du 15 juin dernier alors que je regardais ce sompteux spectacle soudainement je sentis sur mon \u00e9paule une pr\u00e9sence .Mon regard d\u00e9couvrit un jolie petite f\u00e9e un peu impressionn\u00e9e mais pas apeur\u00e9e.Vous imaginez ma surprise..<\/p>\n<p style=\"text-align: justify;\">Elle me chuchota \u00e0 l oreille &#8230;<em> <\/em><\/p>\n<blockquote><p>13 c est la le 13 \u00e8me pr\u00e9sident qui sera \u00e9lu sur VPM<\/p><\/blockquote>\n<p style=\"text-align: justify;\">Mon silence d\u00fb la surprendre.<\/p>\n<blockquote><p>&#8211; 13 le chiffre mal\u00e9fik le chiffre magik tu sais ..<\/p><\/blockquote>\n<p style=\"text-align: justify;\">Et puis elle  s&rsquo; \u00e9clipsa&#8230;<\/p>\n<p style=\"text-align: justify;\">Toute ma nuit ces mots tournaient en boucle dans ma t\u00eate et l\u00e0 je compris que cette f\u00e9e m avait confi\u00e9 un message \u00e0 vous transmettre. Alors candidats que je croise plein d entrain et de fougue repensez \u00e0 cette r\u00e9v\u00e9lation..<\/p>\n<p style=\"text-align: justify;\">Peut \u00eatre m\u00eame devrions \u00e9lire directement le 14 \u00e9me pr\u00e9sident ou pour la dur\u00e9e du mandat de ce qui aurait du \u00eatre le 13 pr\u00e9sident confier cette pr\u00e9sidence \u00e0 une convention VPMienne.<\/p>\n<p style=\"text-align: justify;\">Je me devais de vous le dire voil\u00e0 qui est fait et que certains se rassurent c en est pas une manipualtion de la Cia ou Mossad ..le monde des f\u00e9es  est o dessus de toute cela<\/p>\n<p style=\"text-align: justify;\">&nbsp;<\/p>\n<p style=\"text-align: justify;\">Kenavo<\/p>\n","protected":false},"excerpt":{"rendered":"<p>Korigan, inform\u00e9 d&rsquo;un bien mauvais pr\u00e9sage, s&rsquo;inqui\u00e8te pour la prochaine Pr\u00e9sidentielle.<\/p>\n","protected":false},"author":14,"featured_media":0,"comment_status":"open","ping_status":"open","sticky":false,"template":"","format":"standard","meta":{"site-container-style":"default","site-container-layout":"default","site-sidebar-layout":"default","disable-article-header":"default","disable-site-header":"default","disable-site-footer":"default","disable-content-area-spacing":"default","footnotes":""},"categories":[302],"tags":[39,14],"class_list":["post-7265","post","type-post","status-publish","format-standard","hentry","category-5-la-tribune-libre","tag-humour","tag-presidentielles"],"_links":{"self":[{"href":"https:\/\/vpmedias.fr\/index.php?rest_route=\/wp\/v2\/posts\/7265","targetHints":{"allow":["GET"]}}],"collection":[{"href":"https:\/\/vpmedias.fr\/index.php?rest_route=\/wp\/v2\/posts"}],"about":[{"href":"https:\/\/vpmedias.fr\/index.php?rest_route=\/wp\/v2\/types\/post"}],"author":[{"embeddable":true,"href":"https:\/\/vpmedias.fr\/index.php?rest_route=\/wp\/v2\/users\/14"}],"replies":[{"embeddable":true,"href":"https:\/\/vpmedias.fr\/index.php?rest_route=%2Fwp%2Fv2%2Fcomments&post=7265"}],"version-history":[{"count":0,"href":"https:\/\/vpmedias.fr\/index.php?rest_route=\/wp\/v2\/posts\/7265\/revisions"}],"wp:attachment":[{"href":"https:\/\/vpmedias.fr\/index.php?rest_route=%2Fwp%2Fv2%2Fmedia&parent=7265"}],"wp:term":[{"taxonomy":"category","embeddable":true,"href":"https:\/\/vpmedias.fr\/index.php?rest_route=%2Fwp%2Fv2%2Fcategories&post=7265"},{"taxonomy":"post_tag","embeddable":true,"href":"https:\/\/vpmedias.fr\/index.php?rest_route=%2Fwp%2Fv2%2Ftags&post=7265"}],"curies":[{"name":"wp","href":"https:\/\/api.w.org\/{rel}","templated":true}]}}