{"id":7565,"date":"2008-04-25T11:00:33","date_gmt":"2008-04-25T09:00:33","guid":{"rendered":"http:\/\/vpmedias.fr\/?p=7565"},"modified":"2011-07-11T10:21:42","modified_gmt":"2011-07-11T08:21:42","slug":"resultats-des-sondages","status":"publish","type":"post","link":"https:\/\/vpmedias.fr\/?p=7565","title":{"rendered":"R\u00e9sultats des sondages"},"content":{"rendered":"<div style=\"text-align: justify;\"><span style=\"font-size: medium;\"><em><img loading=\"lazy\" decoding=\"async\" class=\"alignleft size-full wp-image-4930\" title=\"zoom\" src=\"..\/wp-content\/uploads\/2011\/04\/zoom.jpg\" alt=\"zoom\" width=\"165\" height=\"104\" srcset=\"https:\/\/vpmedias.fr\/wp-content\/uploads\/2011\/04\/zoom.jpg 400w, https:\/\/vpmedias.fr\/wp-content\/uploads\/2011\/04\/zoom-300x190.jpg 300w\" sizes=\"auto, (max-width: 165px) 100vw, 165px\" \/><\/em><\/span><span style=\"font-family: Comic Sans MS; font-size: medium;\"><em><span style=\"color: #993300;\">Pendant  une semaine, vous avez eu la possibilit\u00e9 de voter pour deux sondages  diff\u00e9rents. Nous vous proposons d\u2019analyser les sondages\u00a0!<\/span><\/em><\/span><!--more--><\/div>\n<div style=\"text-align: justify;\"><span style=\"font-family: Comic Sans MS; font-size: medium;\"> <\/span><\/div>\n<div style=\"text-align: justify;\"><span style=\"font-family: Comic Sans MS; font-size: medium;\"><span style=\"color: #3366ff;\"><span style=\"text-decoration: underline;\"><span><br \/>\nNotre premi\u00e8re question \u00e9tait au sujet de la nouvelle personne qui devait int\u00e9grer selon vous le minist\u00e8re d\u2019Euskadi.<\/span><\/span> <\/span><\/span><\/div>\n<div style=\"text-align: justify;\"><span style=\"color: #3366ff; font-family: Comic Sans MS; font-size: medium;\"> <\/span><\/div>\n<div style=\"text-align: justify;\"><span style=\"color: #3366ff; font-family: Comic Sans MS; font-size: medium;\">Sur  62 votes,\u00a029 ont \u00e9lu \u00ab\u00a0Elite\u00a0\u00bb comme la personne qu\u2019ils aimeraient voir  au gouvernement parmi la liste propos\u00e9e. Il repr\u00e9sente plus de 40% des  votants.<\/span><\/div>\n<div style=\"text-align: justify;\"><span style=\"color: #3366ff; font-family: Comic Sans MS; font-size: medium;\"> <\/span><\/div>\n<div style=\"text-align: justify;\"><span style=\"color: #3366ff; font-family: Comic Sans MS; font-size: medium;\">En  deuxi\u00e8me position,\u00a0arrive le Vpmien qui a \u00e9t\u00e9 choisi par Euskadi pour  assurer la fonction de ministre. Il s\u2019agit de Mrbanana. Il a \u00e9t\u00e9 vot\u00e9 14  fois, il repr\u00e9sente un tiers des votants.<\/span><\/div>\n<div style=\"text-align: justify;\"><span style=\"color: #3366ff; font-family: Comic Sans MS; font-size: medium;\"> <\/span><\/div>\n<div style=\"text-align: justify;\"><span style=\"color: #3366ff; font-family: Comic Sans MS; font-size: medium;\">En troisi\u00e8me position, nous retrouvons Mathiass avec 8 votes en sa faveur soit 12%.<\/span><\/div>\n<div style=\"text-align: justify;\"><span style=\"color: #3366ff; font-family: Comic Sans MS; font-size: medium;\"> <\/span><\/div>\n<div style=\"text-align: justify;\"><span style=\"color: #3366ff; font-family: Comic Sans MS; font-size: medium;\">Le reste des candidats ont re\u00e7u entre 0 et 3 voix.<\/span><\/div>\n<div style=\"text-align: justify;\"><span style=\"color: #3366ff; font-family: Comic Sans MS; font-size: medium;\"><br \/>\n<\/span><\/div>\n<div style=\"text-align: justify;\"><span style=\"color: #3366ff; font-family: Comic Sans MS; font-size: medium;\"> <\/span><\/div>\n<div style=\"text-align: justify;\"><span style=\"color: #3366ff; font-family: Comic Sans MS; font-size: medium;\"> <\/span><\/div>\n<div style=\"text-align: justify;\"><span style=\"color: #3366ff; font-family: Comic Sans MS; font-size: medium;\"><span style=\"text-decoration: underline;\">Notre seconde question vous permettait de voter pour la \u00ab\u00a0voix\u00a0de la vid\u00e9o\u00a0\u00bb du site radio-vpm.fr.gd.<\/span><\/span><\/div>\n<div style=\"text-align: justify;\"><span style=\"color: #3366ff; font-family: Comic Sans MS; font-size: medium;\"> <\/span><\/div>\n<div style=\"text-align: justify;\"><span style=\"color: #3366ff; font-family: Comic Sans MS; font-size: medium;\">Ce sondage a re\u00e7u \u00e9norm\u00e9ment de votes. 102 personnes se sont prononc\u00e9es.<\/span><\/div>\n<div style=\"text-align: justify;\"><span style=\"color: #3366ff; font-family: Comic Sans MS; font-size: medium;\"> <\/span><\/div>\n<div style=\"text-align: justify;\"><span style=\"color: #3366ff; font-family: Comic Sans MS; font-size: medium;\">D\u2019une  part, il ressort que pour plus de 80% soit 83 personnes, la voix est  celle d\u2019une jeune personne. Pour 33 de ces personnes il s\u2019agit d\u2019une  fille et pour 50, d\u2019un gar\u00e7on. <\/span><\/div>\n<div style=\"text-align: justify;\"><span style=\"color: #3366ff; font-family: Comic Sans MS; font-size: medium;\"> <\/span><\/div>\n<div style=\"text-align: justify;\"><span style=\"color: #3366ff; font-family: Comic Sans MS; font-size: medium;\">D\u2019autre  part, 56% des votants soit 58 personnes, pensent que la voix est un  homme. Plus de 85% de ces personnes jugent que c\u2019est un jeune homme  plut\u00f4t qu\u2019un \u00ab\u00a0vrai homme\u00a0\u00bb.<\/span><\/div>\n<div style=\"text-align: justify;\"><span style=\"color: #3366ff; font-family: Comic Sans MS; font-size: medium;\"> <\/span><\/div>\n<div style=\"text-align: justify;\"><span style=\"font-family: Comic Sans MS; font-size: medium;\"><span style=\"color: #3366ff;\">Enfin, d\u2019une mani\u00e8re g\u00e9n\u00e9rale, environ une personne sur deux soit 50 votants, pense que la voix est celle d\u2019un jeune homme.<\/span> <\/span><\/div>\n<div style=\"text-align: justify;\"><span style=\"font-family: Comic Sans MS; font-size: medium;\"> <\/span><\/div>\n<p style=\"text-align: justify;\"><span style=\"font-family: Comic Sans MS; font-size: medium;\"><br \/>\n<\/span><span style=\"color: #000000; font-family: Comic Sans MS; font-size: medium;\"><strong>En conclusion, ces deux sondages nous montrent, que la majorit\u00e9 n\u2019a pas toujours raison&#8230;<\/strong><\/span><\/p>\n<p style=\"text-align: justify;\">[auteur]<span style=\"color: #000000; font-family: Comic Sans MS; font-size: medium;\"><strong><br \/>\n<\/strong><\/span><\/p>\n","protected":false},"excerpt":{"rendered":"<p>Pendant une semaine, vous avez eu la possibilit\u00e9 de voter pour deux sondages diff\u00e9rents. Nous vous proposons d\u2019analyser les sondages\u00a0!<\/p>\n","protected":false},"author":17,"featured_media":0,"comment_status":"open","ping_status":"open","sticky":false,"template":"","format":"standard","meta":{"site-container-style":"default","site-container-layout":"default","site-sidebar-layout":"default","disable-article-header":"default","disable-site-header":"default","disable-site-footer":"default","disable-content-area-spacing":"default","footnotes":""},"categories":[287],"tags":[],"class_list":["post-7565","post","type-post","status-publish","format-standard","hentry","category-b-kronik"],"_links":{"self":[{"href":"https:\/\/vpmedias.fr\/index.php?rest_route=\/wp\/v2\/posts\/7565","targetHints":{"allow":["GET"]}}],"collection":[{"href":"https:\/\/vpmedias.fr\/index.php?rest_route=\/wp\/v2\/posts"}],"about":[{"href":"https:\/\/vpmedias.fr\/index.php?rest_route=\/wp\/v2\/types\/post"}],"author":[{"embeddable":true,"href":"https:\/\/vpmedias.fr\/index.php?rest_route=\/wp\/v2\/users\/17"}],"replies":[{"embeddable":true,"href":"https:\/\/vpmedias.fr\/index.php?rest_route=%2Fwp%2Fv2%2Fcomments&post=7565"}],"version-history":[{"count":0,"href":"https:\/\/vpmedias.fr\/index.php?rest_route=\/wp\/v2\/posts\/7565\/revisions"}],"wp:attachment":[{"href":"https:\/\/vpmedias.fr\/index.php?rest_route=%2Fwp%2Fv2%2Fmedia&parent=7565"}],"wp:term":[{"taxonomy":"category","embeddable":true,"href":"https:\/\/vpmedias.fr\/index.php?rest_route=%2Fwp%2Fv2%2Fcategories&post=7565"},{"taxonomy":"post_tag","embeddable":true,"href":"https:\/\/vpmedias.fr\/index.php?rest_route=%2Fwp%2Fv2%2Ftags&post=7565"}],"curies":[{"name":"wp","href":"https:\/\/api.w.org\/{rel}","templated":true}]}}