{"id":7717,"date":"2008-05-06T10:00:09","date_gmt":"2008-05-06T08:00:09","guid":{"rendered":"http:\/\/vpmedias.fr\/?p=7717"},"modified":"2011-07-17T19:37:31","modified_gmt":"2011-07-17T17:37:31","slug":"l%e2%80%99ere-%c2%ab-euskadi-%c2%bb-une-douce-brise-qui-souffle-sur-vpm%e2%80%a6","status":"publish","type":"post","link":"https:\/\/vpmedias.fr\/?p=7717","title":{"rendered":"L\u2019\u00e8re \u00ab Euskadi \u00bb, une douce brise qui souffle sur VPM\u2026"},"content":{"rendered":"<p style=\"text-align: justify;\"><strong><span style=\"color: #339966;\"><img loading=\"lazy\" decoding=\"async\" class=\"alignleft size-full wp-image-4782\" title=\"drapeau france\" src=\"http:\/\/vpmedias.fr\/wp-content\/uploads\/2011\/04\/drapeau-france.gif\" alt=\"drapeau france\" width=\"128\" height=\"144\" srcset=\"https:\/\/vpmedias.fr\/wp-content\/uploads\/2011\/04\/drapeau-france.gif 398w, https:\/\/vpmedias.fr\/wp-content\/uploads\/2011\/04\/drapeau-france-265x300.gif 265w\" sizes=\"auto, (max-width: 128px) 100vw, 128px\" \/><span style=\"font-size: medium;\">Il y a quelque temps le Pr\u00e9sident de la R\u00e9publique Vpmienne Euskadi apprenait \u00e0 ses compatriotes la fin des r\u00e9formes durant son mandat. En effet, Sergei lui aurait fait comprendre qu\u2019il ne ferait plus de modifications avant un bon moment.<\/span><\/span><\/strong><\/p>\n<p style=\"text-align: justify;\"><strong><span style=\"font-size: medium; color: #339966;\">Il convient alors de se demander ce qu\u2019a apport\u00e9 l\u2019\u00e8re Euskadi \u00e0 VPM\u2026<\/span><\/strong><!--more--><\/p>\n<p style=\"text-align: justify;\"><strong><span style=\"font-size: medium; color: #339966;\">Outre l\u2019immense vague de modifications survenue en d\u00e9but de mandat, le r\u00e9gime \u00ab Euskadi \u00bb a amen\u00e9 une certaine s\u00e9r\u00e9nit\u00e9 sur VotezPourMoi. Finies les guerres incessantes entre les \u00ab pro Piccolo \u00bb et \u00ab pro Izzie \u00bb.<\/span><\/strong><\/p>\n<p style=\"text-align: justify;\"><strong><span style=\"font-size: medium; color: #339966;\">VPM semblerait \u00e9voluer comme la m\u00e9t\u00e9o : apr\u00e8s la pluie vient le beau temps. Ainsi, suite aux orages, les rayons de soleil ont \u00e0 nouveau \u00e9clair\u00e9 le jeu et aujourd\u2019hui, les mod\u00e9rateurs n\u2019ont plus r\u00e9ellement de travail. Des jeux voient le jour, les d\u00e9clarations d\u2019amour aussi\u2026<\/span><\/strong><\/p>\n<p style=\"text-align: justify;\"><strong><span style=\"font-size: medium; color: #339966;\">Dans sa charte, Sergei avait imagin\u00e9 r\u00e9compenser les joueurs qui animeraient au mieux le forum. Si ses dires ne semblent pas avoir \u00e9t\u00e9 appliqu\u00e9s, les Vpmiens ont montr\u00e9 qu\u2019ils n\u2019avaient pas besoin de cadeaux pour faire preuve de discipline et de bonne humeur. Leur comportement est \u00e0 f\u00e9liciter. D\u2019ailleurs, Ultimus a cr\u00e9\u00e9 un sujet dans lequel, justement, il s\u2019\u00e9tonne et s\u2019ennuie de ne plus voir survenir d\u2019histoires sur VPM, sujet \u00e0 prendre bien \u00e9videmment au second degr\u00e9.<\/span><\/strong><\/p>\n<p style=\"text-align: justify;\"><strong><span style=\"font-size: medium; color: #339966;\">L\u2019arriv\u00e9e d\u2019un nouveau Pr\u00e9sident paraissait plus que n\u00e9cessaire pour mettre un terme aux conflits bien que certains d\u00e9parts aient aussi aid\u00e9 \u00e0 am\u00e9liorer l\u2019ambiance.<\/span><\/strong><\/p>\n<hr \/>\n<h1 style=\"text-align: center;\"><span style=\"color: #008000;\">Commentaires :<\/span><\/h1>\n<p style=\"text-align: center;\"><em>A lire de bas en haut\u2026<\/em><\/p>\n<hr \/>\n<p><em>Commentaire de <strong>Un des joueurs qui sont partis <\/strong>, 06.05.2008 22:06:27:<\/em><br \/>\n\u00ab\u00a0L\u0092arriv\u00e9e  d\u0092un nouveau Pr\u00e9sident paraissait plus que n\u00e9cessaire pour mettre un  terme aux conflits bien que certains d\u00e9parts aient aussi aid\u00e9 \u00e0  am\u00e9liorer l\u0092ambiance.\u00a0\u00bb   Merci pour nous.\u00a0 Bravo pour ce m\u00e9dia qui est vraiment de tr\u00e8s tr\u00e8s bonne qualit\u00e9 et je m&rsquo;y connais.  Qui suis-je ? Un indice: j&rsquo;ai \u00e9t\u00e9 ministre ;)<\/p>\n<hr \/>\n<p><em>Commentaire de <strong>lecureuil<\/strong>, 06.05.2008 13:44:48:<\/em><br \/>\nl&rsquo;auteur de l&rsquo;article couche-t-il avec euskadi? :O 8)<\/p>\n<p>[auteur]<\/p>\n","protected":false},"excerpt":{"rendered":"<p>Il y a quelque temps le Pr\u00e9sident de la R\u00e9publique Vpmienne Euskadi apprenait \u00e0 ses compatriotes la fin des r\u00e9formes durant son mandat. En effet, Sergei lui aurait fait comprendre qu\u2019il ne ferait plus de modifications avant un bon moment. Il convient alors de se demander ce qu\u2019a apport\u00e9 l\u2019\u00e8re Euskadi \u00e0 VPM\u2026<\/p>\n","protected":false},"author":17,"featured_media":0,"comment_status":"open","ping_status":"open","sticky":false,"template":"","format":"standard","meta":{"site-container-style":"default","site-container-layout":"default","site-sidebar-layout":"default","disable-article-header":"default","disable-site-header":"default","disable-site-footer":"default","disable-content-area-spacing":"default","footnotes":""},"categories":[287],"tags":[],"class_list":["post-7717","post","type-post","status-publish","format-standard","hentry","category-b-kronik"],"_links":{"self":[{"href":"https:\/\/vpmedias.fr\/index.php?rest_route=\/wp\/v2\/posts\/7717","targetHints":{"allow":["GET"]}}],"collection":[{"href":"https:\/\/vpmedias.fr\/index.php?rest_route=\/wp\/v2\/posts"}],"about":[{"href":"https:\/\/vpmedias.fr\/index.php?rest_route=\/wp\/v2\/types\/post"}],"author":[{"embeddable":true,"href":"https:\/\/vpmedias.fr\/index.php?rest_route=\/wp\/v2\/users\/17"}],"replies":[{"embeddable":true,"href":"https:\/\/vpmedias.fr\/index.php?rest_route=%2Fwp%2Fv2%2Fcomments&post=7717"}],"version-history":[{"count":0,"href":"https:\/\/vpmedias.fr\/index.php?rest_route=\/wp\/v2\/posts\/7717\/revisions"}],"wp:attachment":[{"href":"https:\/\/vpmedias.fr\/index.php?rest_route=%2Fwp%2Fv2%2Fmedia&parent=7717"}],"wp:term":[{"taxonomy":"category","embeddable":true,"href":"https:\/\/vpmedias.fr\/index.php?rest_route=%2Fwp%2Fv2%2Fcategories&post=7717"},{"taxonomy":"post_tag","embeddable":true,"href":"https:\/\/vpmedias.fr\/index.php?rest_route=%2Fwp%2Fv2%2Ftags&post=7717"}],"curies":[{"name":"wp","href":"https:\/\/api.w.org\/{rel}","templated":true}]}}