{"id":7785,"date":"2008-05-13T17:05:06","date_gmt":"2008-05-13T15:05:06","guid":{"rendered":"http:\/\/vpmedias.fr\/?p=7785"},"modified":"2011-07-18T10:39:47","modified_gmt":"2011-07-18T08:39:47","slug":"infos-ou-intox-3","status":"publish","type":"post","link":"https:\/\/vpmedias.fr\/?p=7785","title":{"rendered":"Infos ou Intox ? #3"},"content":{"rendered":"<div style=\"text-align: justify;\">\n<p><img loading=\"lazy\" decoding=\"async\" class=\"alignleft\" title=\"infointox\" src=\"..\/wp-content\/uploads\/2011\/04\/infointox.jpg\" alt=\"infointox\" width=\"69\" height=\"159\" \/><\/p>\n<\/div>\n<p style=\"text-align: justify;\"><span style=\"color: #3366ff;\"><strong><span style=\"font-size: medium;\"> <\/span><\/strong><\/span><\/p>\n<p style=\"text-align: justify;\"><span style=\"color: #3366ff;\"><strong><span style=\"font-size: medium;\">A<\/span><\/strong><\/span><span style=\"color: #3366ff;\"><strong><span style=\"font-size: medium;\">ttention disparition : Le blog de Garincha n\u2019a plus d\u2019actualit\u00e9 depuis mi avril. Mort du journaliste, probl\u00e8mes conjugaux, constipation ne se finissant pas, voici quelques raisons qui pourraient \u00eatre \u00e0 l\u2019origine de cet arr\u00eat.<\/span><\/strong><\/span><\/p>\n<p><em><span style=\"color: #339966;\"><strong><span style=\"font-size: medium;\">V\u00e9racit\u00e9 de l\u2019information : 28 %<\/span><\/strong><\/span><\/em><!--more--><\/p>\n<p style=\"text-align: justify;\"><span style=\"color: #3366ff;\"><strong><span style=\"font-size: medium;\">Un nouveau syst\u00e8me de triche avec les liens pour les financements exceptionnels (les financements fait avec les cr\u00e9dits) a \u00e9t\u00e9 mis en place. Il serait possible de gagner un peu plus de plakass avec 10 cr\u00e9dits en modifiant le lien de cette action. Affaire \u00e0 suivre\u2026<\/span><\/strong><\/span><\/p>\n<p><span style=\"color: #339966;\"><em><strong><span style=\"font-size: medium;\">V\u00e9racit\u00e9 de l\u2019information\u00a0 : 84 %<\/span><\/strong><\/em><\/span><\/p>\n<p style=\"text-align: justify;\"><span style=\"color: #3366ff;\"><strong><span style=\"font-size: medium;\">D\u00e8s aujourd\u2019hui, L\u2019internationale R\u00e9volutionnaire pr\u00e9pare sa campagne pour devenir le prochain pr\u00e9sident de Vpm. Depuis cette nouvelle et ayant pris conscience de sa mince influence dans la continuit\u00e9 de l\u2019\u00e9volution du jeu, le pr\u00e9sident vpmien actuel \u00ab Euskadi \u00bb a disparu et ne se fait plus entendre sur les forums. Que la lumi\u00e8re triomphe\u2026<\/span><\/strong><\/span><\/p>\n<p><em><span style=\"color: #339966;\"><strong><span style=\"font-size: medium;\">V\u00e9racit\u00e9 de l\u2019information : 6 %<\/span><\/strong><\/span><\/em><\/p>\n<p style=\"text-align: justify;\"><span style=\"color: #3366ff;\"><strong><span style=\"font-size: medium;\">La nouvelle option (vpmc) \u00e9tablit par Ritzle devrait \u00eatre ins\u00e9r\u00e9e officiellement par Sergei dans quelques semaines sur Vpm. Cette option pourrait \u00eatre baptis\u00e9e \u00ab Syst\u00e8me Ritzle \u00bb<\/span><\/strong><\/span><\/p>\n<p><span style=\"color: #339966;\"><em><strong><span style=\"font-size: medium;\">V\u00e9racit\u00e9 de l\u2019information : 79 %<\/span><\/strong><\/em><\/span><\/p>\n<hr \/>\n<h1 style=\"text-align: center;\"><span style=\"color: #008000;\">Commentaires :<\/span><\/h1>\n<p style=\"text-align: center;\"><em>A lire de bas en haut\u2026<\/em><\/p>\n<hr \/>\n<p><em>Commentaire de <strong>triskel<\/strong>, 13.05.2008 18:40:52:<\/em><br \/>\nsacr\u00e9 cochon , toujours des id\u00e9es sous le coude &#8230;<\/p>\n<hr \/>\n<table width=\"100%\">\n<tbody>\n<tr>\n<td width=\"100%\"><em>Commentaire de <strong>Thibautix<\/strong>, 13.05.2008 18:01:05:<\/em><br \/>\ntres bon travail com d&rsquo;hab;)<\/td>\n<\/tr>\n<\/tbody>\n<\/table>\n<hr \/>\n<table width=\"100%\">\n<tbody>\n<tr>\n<td width=\"100%\"><em>Commentaire de <strong>Darky<\/strong>, 13.05.2008 17:41:19:<\/em><br \/>\nTres beau travail comme d&rsquo;hab ;)<\/td>\n<\/tr>\n<\/tbody>\n<\/table>\n<hr \/>\n<table width=\"100%\">\n<tbody>\n<tr>\n<td width=\"100%\"><em>Commentaire de <strong>faucheur<\/strong>, 13.05.2008 12:33:13:<\/em><br \/>\nTrop bien cet article, j&rsquo;adore.<\/td>\n<\/tr>\n<\/tbody>\n<\/table>\n<p>[auteur]<\/p>\n","protected":false},"excerpt":{"rendered":"<p>Attention disparition : Le blog de Garincha n\u2019a plus d\u2019actualit\u00e9 depuis mi avril. Mort du journaliste, probl\u00e8mes conjugaux, constipation ne se finissant pas, voici quelques raisons qui pourraient \u00eatre \u00e0 l\u2019origine de cet arr\u00eat. V\u00e9racit\u00e9 de l\u2019information : 28 %<\/p>\n","protected":false},"author":17,"featured_media":0,"comment_status":"open","ping_status":"open","sticky":false,"template":"","format":"standard","meta":{"site-container-style":"default","site-container-layout":"default","site-sidebar-layout":"default","disable-article-header":"default","disable-site-header":"default","disable-site-footer":"default","disable-content-area-spacing":"default","footnotes":""},"categories":[287],"tags":[],"class_list":["post-7785","post","type-post","status-publish","format-standard","hentry","category-b-kronik"],"_links":{"self":[{"href":"https:\/\/vpmedias.fr\/index.php?rest_route=\/wp\/v2\/posts\/7785","targetHints":{"allow":["GET"]}}],"collection":[{"href":"https:\/\/vpmedias.fr\/index.php?rest_route=\/wp\/v2\/posts"}],"about":[{"href":"https:\/\/vpmedias.fr\/index.php?rest_route=\/wp\/v2\/types\/post"}],"author":[{"embeddable":true,"href":"https:\/\/vpmedias.fr\/index.php?rest_route=\/wp\/v2\/users\/17"}],"replies":[{"embeddable":true,"href":"https:\/\/vpmedias.fr\/index.php?rest_route=%2Fwp%2Fv2%2Fcomments&post=7785"}],"version-history":[{"count":0,"href":"https:\/\/vpmedias.fr\/index.php?rest_route=\/wp\/v2\/posts\/7785\/revisions"}],"wp:attachment":[{"href":"https:\/\/vpmedias.fr\/index.php?rest_route=%2Fwp%2Fv2%2Fmedia&parent=7785"}],"wp:term":[{"taxonomy":"category","embeddable":true,"href":"https:\/\/vpmedias.fr\/index.php?rest_route=%2Fwp%2Fv2%2Fcategories&post=7785"},{"taxonomy":"post_tag","embeddable":true,"href":"https:\/\/vpmedias.fr\/index.php?rest_route=%2Fwp%2Fv2%2Ftags&post=7785"}],"curies":[{"name":"wp","href":"https:\/\/api.w.org\/{rel}","templated":true}]}}