{"id":7921,"date":"2008-05-16T10:30:49","date_gmt":"2008-05-16T08:30:49","guid":{"rendered":"http:\/\/vpmedias.fr\/?p=7921"},"modified":"2011-07-22T10:20:22","modified_gmt":"2011-07-22T08:20:22","slug":"la-guerre-des-mondes-piccolo-vs-izzie","status":"publish","type":"post","link":"https:\/\/vpmedias.fr\/?p=7921","title":{"rendered":"La guerre des mondes : Piccolo vs Izzie"},"content":{"rendered":"<p style=\"text-align: justify;\" align=\"left\"><span style=\"font-size: medium;\"><img loading=\"lazy\" decoding=\"async\" class=\"alignleft size-full wp-image-4765\" title=\"tu te souviens\" src=\"http:\/\/vpmedias.fr\/wp-content\/uploads\/2011\/04\/tu-te-souviens.jpg\" alt=\"tu te souviens\" width=\"183\" height=\"73\" srcset=\"https:\/\/vpmedias.fr\/wp-content\/uploads\/2011\/04\/tu-te-souviens.jpg 400w, https:\/\/vpmedias.fr\/wp-content\/uploads\/2011\/04\/tu-te-souviens-300x120.jpg 300w\" sizes=\"auto, (max-width: 183px) 100vw, 183px\" \/>Retour sur le combat de boxe le plus long de l\u2019histoire.<\/span><br \/>\n<span style=\"font-size: medium;\"> La deuxi\u00e8me \u00e9lection pr\u00e9sidentielle fut un v\u00e9ritable ring sur lequel les deux joueurs, Piccolo et Izzie, se sont affront\u00e9s \u00e0 corps perdu pour gagner le poste supr\u00eame de VPM. Les coups d\u00e9loyaux ont \u00e9t\u00e9 de mise\u00a0: attaques, mensonges, hypocrisie, VPM a connu une p\u00e9riode o\u00f9 les coups de poings s\u2019encha\u00een\u00e8rent sans temps mort. Finalement, Izzie remporta le match par K.O \u2026 Piccolo OUT\u00a0!<\/span><!--more--><\/p>\n<h2 style=\"text-align: justify;\" align=\"left\"><span style=\"color: #993366; font-size: x-small;\"><span style=\"font-size: small;\"><span><span><span><strong><span><strong><span style=\"text-decoration: underline;\"><br \/>\n<\/span><\/strong><\/span><\/strong><\/span><\/span><\/span><\/span><\/span>Point de vue d\u2019un \u00ab\u00a0pro-Piccolo\u00a0\u00bb\u00a0:<\/h2>\n<p style=\"text-align: justify;\"><span style=\"text-decoration: underline; font-size: large;\"><strong>Superkeke<\/strong><\/span> : <span style=\"font-size: medium;\">Superkeke pro-Piccolo. On me colle souvent cette \u00e9tiquette l\u00e0. Trop Souvent. Car s&rsquo;il est vrai que j&rsquo;ai support\u00e9 Piccolo et que je le soutiens encore, il ne faut pas toujours se dire lui=lui&#8230; Mais c&rsquo;est devenu une habitude dans ce jeu&#8230; Malheureusement, des clich\u00e9s sont instaur\u00e9s&#8230; Aussi bien que quand tu as le malheur d&rsquo;en choper un tu le garde tout le long de ta \u00ab\u00a0vpm-carri\u00e8re\u00a0\u00bb! C&rsquo;est le cas pour les pro-Piccolo comme pour ceux qui se croient dr\u00f4le. (\u2026) <\/span><\/p>\n<p style=\"text-align: justify;\"><span style=\"font-size: medium;\">Pour en revenir \u00e0 Piccolo, je pense qu&rsquo;il aurait pu \u00eatre un bon politicien dans la vraie vie. Il savait s&rsquo;attirer les gens dans son camp. Il savait faire passer un message. Au point m\u00eame que si Izzie partait largement en t\u00eate (aux sondages) au d\u00e9but de la campagne du 2nd tour (je crois que c&rsquo;\u00e9tait +12% sur Piccolo je ne suis plus s\u00fbr), le candidat de la Vox Populis avait r\u00e9ussit \u00e0 prendre une courte avance \u00e0 la veille des \u00e9lections. Apr\u00e8s, il y a eu ce tournant dans la campagne. Ce compte pirat\u00e9 on ne sait trop comment. Je ne veux pas relancer la pol\u00e9mique mais on sait que c&rsquo;est ce piratage qui a fait gagner Izzie et perdre Piccolo. Alors moi, je me pose une question&#8230; si c&rsquo;est Piccolo, pourquoi n&rsquo;a-t-il pas pens\u00e9 qu&rsquo;il allait \u00eatre le premier accus\u00e9? A l&rsquo;inverse, Izzie le savait et pouvait tenter le coup sans rien risquer. C&rsquo;est cet \u00e9l\u00e9ment qui me fait penser que tout cela n&rsquo;\u00e9tait qu&rsquo;une simple strat\u00e9gie de campagne dans une \u00e9lection o\u00f9 tous les coups \u00e9taient permis&#8230; Et puis ce qui m&rsquo;a encore plus \u00e9nerv\u00e9, c&rsquo;est cette fa\u00e7on dont les modos ont pris partis lors de cette affaire&#8230; Comment peut-on virer Piccolo, 5 mois apr\u00e8s sur des faits non fond\u00e9s? Ha non pardon, ils avaient des conversations msn!! Houlala quelle preuve irr\u00e9futable! C&rsquo;est vrai qu\u2019elles sont non modifiables! Sur ce coup, il y a une grosse erreur de tout l&rsquo;ensemble de l&rsquo;\u00e9quipe de VPM, Sergei en premier. Mais comme ici, c&rsquo;est un jeu de d\u00e9mocratie, fond\u00e9 sur le principe d&rsquo;une dictature, c&rsquo;est le plus fort qui d\u00e9cide et on a m\u00eame pas laisser le droit \u00e0 Piccolo de se d\u00e9fendre. C&rsquo;est dommage&#8230; Tout comme \u00e7a l&rsquo;est de bafouer les droits d&rsquo;expression en censurant syst\u00e9matiquement un message pas tr\u00e8s gentil avec la direction! Mais que voulez-vous, les modos veulent faire respecter la \u00ab\u00a0loi Sergei\u00a0\u00bb: \u00ab\u00a0Si tu parles, t&rsquo;es mort\u00a0\u00bb&#8230; C&rsquo;est presque \u00e7\u00e0. Enfin ouai, je m&rsquo;enflamme un peu! Mais voil\u00e0 toujours est-il que cette affaire Piccolo reste irr\u00e9solue et si Piccolo a \u00e9t\u00e9 banni, ce bannissement ne r\u00e9pond en rien \u00e0 la solution de l&rsquo;affaire!<\/span><br \/>\n<span style=\"font-size: medium;\"> Notre journaliste\u00a0: Vous dites : \u00a0\u00bb A l&rsquo;inverse, Izzie le savait et pouvait tenter le coup sans rien risquer. C&rsquo;est cet \u00e9l\u00e9ment qui me fait penser que tout cela n&rsquo;\u00e9tait qu&rsquo;une simple strat\u00e9gie de campagne dans une \u00e9lection o\u00f9 tous les coups \u00e9taient permis&#8230; \u00a0\u00bb <\/span><\/p>\n<p style=\"text-align: justify;\"><span style=\"font-size: medium;\"> Vous pensez donc qu\u2019Izzie a maniganc\u00e9 tout cela?<\/span><\/p>\n<p style=\"text-align: justify;\"><span style=\"font-size: medium;\">Nan, je ne pense rien, j&rsquo;\u00e9mets une th\u00e9orie selon laquelle Izzie aurait pu mettre tout cela en place&#8230; Apr\u00e8s Piccolo aurait tr\u00e8s bien pu faire le coup. Mais j&rsquo;en doute car c&rsquo;est un mec intelligent et il aurait devin\u00e9 que si un \u00e9v\u00e9nement comme \u00e7a se passait, ce serait lui le premier accus\u00e9&#8230; De plus, je suis assez proche de Picco depuis cette fameuse \u00e9lection et je peux vous assurer qu&rsquo;il n&rsquo;a rien fait, il n&rsquo;y est pour rien. On l&rsquo;a accus\u00e9 d&rsquo;\u00eatre manipulateur mais je m&rsquo;aper\u00e7ois que certains pro-Izzie ont manipul\u00e9 leurs connaissances pour faire expulser Piccolo&#8230; Apr\u00e8s inutile de me demander, je ne citerai pas de nom&#8230; Il suffit de lire les forums attentivement et de voir la liste de ministres d\u2019Izzie&#8230; Et puis, il faut aussi voir les personnes qui ont pris la d\u00e9cision de renvoyer piccolo&#8230; Ce sont toujours les m\u00eames les \u00ab\u00a0deux S\u00a0\u00bb. Je pense que vous me comprendrez&#8230; Et m\u00eame si pour un de ces 2 S j&rsquo;ai une certaine sympathie, je suis oblig\u00e9 de constater son manque d&rsquo;impartialit\u00e9 dans cette affaire. C&rsquo;est dommage, mais bon, c&rsquo;est de l&rsquo;histoire ancienne.<\/span><\/p>\n<p style=\"text-align: justify;\"><span style=\"font-size: medium;\"> Je n\u2019avais rien contre les pro-Izzie. Maintenant, il n&rsquo;y a plus de \u00ab\u00a0pro-Izzie\u00a0\u00bb ou de \u00ab\u00a0pro-Piccolo\u00a0\u00bb parce que ces deux joueurs ne font plus partie du jeu.<\/span><\/p>\n<h2 style=\"text-align: justify;\" align=\"left\">Point de vue d\u2019un \u00ab\u00a0pro-Izzie\u00a0\u00bb\u00a0:<\/h2>\n<p style=\"text-align: justify;\"><span style=\"text-decoration: underline; font-size: large;\"><strong>Sagi<\/strong><\/span>\u00a0: <span style=\"font-size: medium;\">Ce fut une campagne \u00e0 rebondissement avec un d\u00e9nouement final qui s\u2019est produit il y a quelques temps, notammant avec l\u2019\u00e9viction de Piccolo qui a \u00e9t\u00e9 consid\u00e9r\u00e9 comme \u00ab\u00a0coupable\u00a0\u00bb du piratage du compte \u00e0 Izzie lors du second tour. <\/span><\/p>\n<div style=\"text-align: justify;\"><span style=\"font-size: medium;\">\u00a0La campagne s\u2019est tr\u00e8s mal d\u00e9roul\u00e9e du fait que ce poste repr\u00e9sentait pour certains joueurs \u00ab\u00a0 un pouvoir\u00a0\u00bb et non un amusement. <\/span><\/div>\n<p style=\"text-align: justify;\"><span style=\"font-size: medium;\">Si je me souviens bien, les premi\u00e8res engueulades ont \u00e9t\u00e9 le fait qu\u2019Izzie soient all\u00e9e sur le topic \u00a0de Piccolo pour lui souhaiter bonne chance et faire un peu d\u2019humour en disant que c\u2019\u00e9tait le candidat \u00ab\u00a0le plus dragueur de VPM\u00a0\u00bb. C\u2019est alors qu\u2019elle avait eu Piccolo et Billgates sur son dos en lui disant qu\u2019elle ne devait pas tenter de \u00ab\u00a0polluer\u00a0\u00bb leur topic\u2026<\/span><br \/>\n<span style=\"font-size: medium;\"> En MP, elle m\u2019avait dit qu\u2019elle n\u2019avait pas fait cela pour ennuyer son monde mais juste pour souhaiter bonne chance dans la bonne humeur. De ce fait, on avait d\u00e9cid\u00e9 de ne plus mettre aucun message sur les topics des autres pour ne pas faire d\u2019histoire du fait que l\u2019\u00e9lection \u00e9tait prise pour certain comme une raison de vivre lol C\u2019est alors que les \u00ab\u00a0pro Piccolo\u00a0\u00bb ont commenc\u00e9 \u00e0 venir sur le topic d\u2019izzie pour faire des critiques non constructives comme par exemple qu\u2019elle serait \u00e9lue pour son bel avatar, etc.\u00a0Nous n\u2019aurions pas d\u00fb r\u00e9pondre, mais au d\u00e9but, nous l\u2019avons fait. Apr\u00e8s avoir parl\u00e9 avec Volcania ( ancien mod\u00e9rateur), nous ( je parle des personnes qui soutenaient le plus Izzie) avions d\u00e9cid\u00e9 de ne plus rien dire, ce que l\u2019on a fait avant qu\u2019un certain \u00ab\u00a0Loula\u00a0\u00bb, que nous ne connaissions pas, vienne insulter tout les autres candidats en disant que c\u2019\u00e9tait moi qui lui avais dit de faire cela. Bien entendu, Loula n\u2019avait aucun lien avec nous. Tout les candidats l\u2019ont compris sauf une personne, Piccolo.. \u00a0Ceci creusait un peu plus le foss\u00e9 entre nos deux camps\u2026<\/span><\/p>\n<p style=\"text-align: justify;\"><span style=\"font-size: medium;\">Apres l\u2019\u00e9lection d\u2019Izzie, les \u00ab\u00a0pro Piccolo\u00a0\u00bb ne l\u2019ont jamais accept\u00e9 et cherch\u00e9 la petite b\u00eate pour insulter la gagnante et ses s\u0153urs. Le d\u00e9roulement de la campagne s\u2019\u00e9tant mal pass\u00e9, il fallait s\u2019attendre \u00e0 des retomb\u00e9s de la part des d\u00e9\u00e7us.<\/span><\/p>\n<div>\n<p style=\"text-align: justify;\"><span style=\"font-size: medium;\">Les pros des deux c\u00f4t\u00e9s ont commis des erreurs, mais certaines limites ont \u00e9t\u00e9 d\u00e9pass\u00e9es malheureusement. Nous avons certains torts comme le fait que nous r\u00e9pondions \u00e0 leurs attaques sur le forum. Nous aurions d\u00fb les laisser parler.<\/span><\/p>\n<p style=\"text-align: justify;\"><span style=\"font-size: medium;\"> Aujourd\u2019hui, certaines rancunes sont rest\u00e9es m\u00eame si certains joueurs ne le montrent pas sur le forum.<\/span><\/p>\n<p>&nbsp;<\/p>\n<div align=\"center\"><span style=\"color: #000000; font-size: x-small;\"><span style=\"color: #ff0000;\"><span><span><span><strong><span><span style=\"font-size: medium;\">Pour \u00e9viter un nouveau conflit, nous rappelons qu&rsquo;il s&rsquo;agit l\u00e0 d&rsquo;un rappel de faits. Nous ne voulons pas les r\u00e9veiller.<br \/>\nC&rsquo;est pourquoi, pour rester le plus objectif possible, nous avons fait appel aux souvenirs de deux joueurs des deux camps.<br \/>\n<\/span><\/span><\/strong><\/span><\/span><\/span><\/span><\/span><\/div>\n<hr \/>\n<h1 style=\"text-align: center;\"><span style=\"color: #008000;\">Commentaires :<\/span><\/h1>\n<p style=\"text-align: center;\"><em>A lire de bas en haut\u2026<\/em><\/p>\n<hr \/>\n<p><em>Commentaire de <strong>moi<\/strong>, 27.10.2008 18:42:45:<\/em><br \/>\nour se qui ai de piccolo voir l enflure qui tient ou tenais un journal un gros leche botte de service.hein goople^^ :roll:<\/p>\n<p>[auteur]<\/p>\n<\/div>\n","protected":false},"excerpt":{"rendered":"<p>Retour sur le combat de boxe le plus long de l\u2019histoire. La deuxi\u00e8me \u00e9lection pr\u00e9sidentielle fut un v\u00e9ritable ring sur lequel les deux joueurs, Piccolo et Izzie, se sont affront\u00e9s \u00e0 corps perdu pour gagner le poste supr\u00eame de VPM. Les coups d\u00e9loyaux ont \u00e9t\u00e9 de mise\u00a0: attaques, mensonges, hypocrisie, VPM a connu une p\u00e9riode [&hellip;]<\/p>\n","protected":false},"author":17,"featured_media":0,"comment_status":"open","ping_status":"open","sticky":false,"template":"","format":"standard","meta":{"site-container-style":"default","site-container-layout":"default","site-sidebar-layout":"default","disable-article-header":"default","disable-site-header":"default","disable-site-footer":"default","disable-content-area-spacing":"default","footnotes":""},"categories":[287],"tags":[],"class_list":["post-7921","post","type-post","status-publish","format-standard","hentry","category-b-kronik"],"_links":{"self":[{"href":"https:\/\/vpmedias.fr\/index.php?rest_route=\/wp\/v2\/posts\/7921","targetHints":{"allow":["GET"]}}],"collection":[{"href":"https:\/\/vpmedias.fr\/index.php?rest_route=\/wp\/v2\/posts"}],"about":[{"href":"https:\/\/vpmedias.fr\/index.php?rest_route=\/wp\/v2\/types\/post"}],"author":[{"embeddable":true,"href":"https:\/\/vpmedias.fr\/index.php?rest_route=\/wp\/v2\/users\/17"}],"replies":[{"embeddable":true,"href":"https:\/\/vpmedias.fr\/index.php?rest_route=%2Fwp%2Fv2%2Fcomments&post=7921"}],"version-history":[{"count":0,"href":"https:\/\/vpmedias.fr\/index.php?rest_route=\/wp\/v2\/posts\/7921\/revisions"}],"wp:attachment":[{"href":"https:\/\/vpmedias.fr\/index.php?rest_route=%2Fwp%2Fv2%2Fmedia&parent=7921"}],"wp:term":[{"taxonomy":"category","embeddable":true,"href":"https:\/\/vpmedias.fr\/index.php?rest_route=%2Fwp%2Fv2%2Fcategories&post=7921"},{"taxonomy":"post_tag","embeddable":true,"href":"https:\/\/vpmedias.fr\/index.php?rest_route=%2Fwp%2Fv2%2Ftags&post=7921"}],"curies":[{"name":"wp","href":"https:\/\/api.w.org\/{rel}","templated":true}]}}