{"id":8451,"date":"2011-10-12T21:23:10","date_gmt":"2011-10-12T19:23:10","guid":{"rendered":"http:\/\/vpmedias.fr\/?p=8451"},"modified":"2011-10-13T22:13:32","modified_gmt":"2011-10-13T20:13:32","slug":"portrait-de-vagal","status":"publish","type":"post","link":"https:\/\/vpmedias.fr\/?p=8451","title":{"rendered":"Portrait de Vagal"},"content":{"rendered":"<p><em><strong>Bien le bonjour. D\u00e8s \u00e0 pr\u00e9sent, chaque mercredi vous aurez droit \u00e0 un portrait d&rsquo;un de nos VPMiens. C&rsquo;est la premi\u00e8re \u00e9dition, j&rsquo;esp\u00e8re qu&rsquo;elle vous plaira !<\/strong><\/em><\/p>\n<p>&nbsp;<\/p>\n<p><strong>&#8211; <span style=\"text-decoration: underline;\">Qui interrogeons nous<\/span> ?<\/strong><\/p>\n<p>Notre premier invit\u00e9 n&rsquo;est autre que Vagal, qui ne poss\u00e8de \u00e0 son actif qu&rsquo;un seul pseudo\u00a0pour jouer, et \u00ab\u00a0Vagaldebordal\u00a0\u00bb pour contourner la limitation de posts sur notre forum.<\/p>\n<p><!--more--><\/p>\n<p><strong>&#8211; \u00ab\u00a0<span style=\"text-decoration: underline;\">Je ne vous lacherais pas<\/span>\u00ab\u00a0<\/strong><\/p>\n<p>Notre interview\u00e9 est caract\u00e9ris\u00e9 d&rsquo;apr\u00e8s\u00a0lui par un grain de folie, des r\u00e9ponses cinglantes quand on l&rsquo;\u00e9nerve\u00a0(dont nous avons pu en avoir fait peut-\u00eatre\u00a0les frais sur le forum !), un caract\u00e8re impr\u00e9visible et un humour assez d\u00e9velopp\u00e9. Mais il a surtout le sens de la gagne, et nous annonce qu&rsquo;une fois en campagne, il ne nous lachera pas !<\/p>\n<p>&nbsp;<\/p>\n<p><strong>&#8211; <span style=\"text-decoration: underline;\">Une d\u00e9couverte par hasard<\/span> :<\/strong><\/p>\n<p>Notre Vagal nous affirme avoir d\u00e9couvert Votez Pour Moi en trainant sur le net, comme beaucoup de membres surement. Un coup de bol r\u00e9alis\u00e9 en 2007, qui lui a permit de r\u00e9aliser 1 ou 2 campagnes, mais ce n&rsquo;est qu&rsquo;en 2011 qu&rsquo;il est revenu et a rejoint le parti Front Lib\u00e9r\u00e9 Extr\u00eame Centre (FLEC)\u00a0pour\u00a0remporter de nombreuses\u00a0mairies.<\/p>\n<p>&nbsp;<\/p>\n<p><strong>&#8211; <span style=\"text-decoration: underline;\">Un\u00a0joli parcours<\/span>\u00a0:<\/strong><\/p>\n<p>Le CV de Vagal semble garnit, pour un joueur tout juste arriv\u00e9. En effet, il a remport\u00e9 la mairie de Vannes, celle de Pau, puis de Rennes, et un bref passage dans le gouvernement en tant que ministre durant lequel il s&rsquo;est beaucoup amus\u00e9. Il nous promet tout de m\u00eame ne pas s&rsquo;arr\u00eater l\u00e0 !<\/p>\n<p>&nbsp;<\/p>\n<p><strong>&#8211; \u00ab\u00a0<span style=\"text-decoration: underline;\">Je n&rsquo;ai que des amis !!<\/span>\u00ab\u00a0<\/strong><\/p>\n<p>A la question \u00ab\u00a0Quels sont vos meilleurs amis?\u00a0\u00bb, Vagal nous r\u00e9pond assur\u00e9ment qu&rsquo;il s&rsquo;entend bien avec un bon nombre de VPMiens, m\u00eame si sortent du lot Felenon et ses apparent\u00e9s (Pour leur humour, leur plume et leur intelligence), Theops (Allias Libertaire, ils ont bien ri durant leur sacr\u00e9 canular), Lingus (pour les massages) et Dragalex (Car il faut bien faire de la l\u00e8che en politique. Pour comprendre cette blague, il faudrait que je vous dise que c&rsquo;est Dragalex qui a envoy\u00e9 les questions \u00e0 Vagal &#8230; !)<\/p>\n<p>En outre, Vagal n&rsquo;a pas de r\u00e9el ennemi (ou alors, ils ne sont pas assez int\u00e9ressants pour \u00eatre cit\u00e9s d&rsquo;apr\u00e8s notre questionn\u00e9), seulement il a du mal avec les personnes qui\u00a0comprennent difficilement que nous sommes sur un jeu et que donc un minimum de second degr\u00e9 s&rsquo;impose.<\/p>\n<p><a href=\"http:\/\/vpmedias.fr\/2011\/10\/portrait-de-vagal\/second-degre\/\" rel=\"attachment wp-att-8456\"><img decoding=\"async\" class=\"size-full wp-image-8456 aligncenter\" src=\"http:\/\/vpmedias.fr\/wp-content\/uploads\/2011\/10\/Second-degr\u00e9.bmp\" alt=\"\" \/><\/a><\/p>\n<p><strong>&#8211; <span style=\"text-decoration: underline;\">Un avenir tout trac\u00e9<\/span> :<\/strong><\/p>\n<p>Vagal se sent au fur et \u00e0 mesue grandir. Il est \u00e0 pr\u00e9sent maire de Rennes, mais il compte bien sur viser plus haut, et pourquoi pas mener le FLEC sur les devants de la sc\u00e8ne.<\/p>\n<p>&nbsp;<\/p>\n<p><strong>&#8211; \u00ab\u00a0<span style=\"text-decoration: underline;\">Un tas de choses agacantes<\/span>\u00ab\u00a0<\/strong><\/p>\n<p>Les limitations de posts sur le forum (d&rsquo;o\u00f9 son second pseudo qui ne lui sert que de recours lorsqu&rsquo;il ne peut plus discuter avec \u00ab\u00a0Vagal\u00a0\u00bb), le nouveau fonctionnement des march\u00e9s, &#8230;..\u00a0sont\u00a0pour lui des\u00a0choses agacantes et sans fondement sur VPM. Mais, il compte pousser des coups de gueule r\u00e9guliers sur VPM\u00e9dias, pour notre plus grand plaisir !<\/p>\n<p>&nbsp;<\/p>\n<p><strong>&#8211; <span style=\"text-decoration: underline;\">Un r\u00e9v\u00e9lation<\/span><\/strong><\/p>\n<p><strong><\/strong>Vagal nous confie qu&rsquo;il est un multi de Dens. S&rsquo;est-il a nouveau cach\u00e9 derri\u00e8re\u00a0un second degr\u00e9, ou nous livre t-il un r\u00e9el potin ?<\/p>\n<p>&nbsp;<\/p>\n<p><strong>&#8211; <span style=\"text-decoration: underline;\">Un avatar en r\u00e9f\u00e9rence \u00e0 une BD<\/span><\/strong><\/p>\n<p>Vagal a choisit son avatar gr\u00e2ce \u00e0 la BD Blacksad, qu&rsquo;il recommande \u00e0 ceux qui ne l&rsquo;ont d\u00e9j\u00e0 fait de lire.<\/p>\n<p>&nbsp;<\/p>\n<p>&nbsp;<\/p>\n<p><strong><em>C&rsquo;\u00e9tait Vagal qui nous a livr\u00e9 quelques renseignements sans retenue, on peut le remercier pour avoir pris le temps de r\u00e9pondre \u00e0 cette interview, et merci \u00e0 Dragalex et BobMorane pour leurs conseils qui m&rsquo;ont bien aid\u00e9s. <\/em><\/strong><\/p>\n<p><strong><em>A la semaine prochaine !<\/em><\/strong><\/p>\n<p style=\"text-align: right;\">Par Krustyfrancky.<\/p>\n<p style=\"color: #0000ff;\">\n<p style=\"color: #0000ff;\"><cite title=\"Ne sous estimez pas VPM\u00e9dias \"><span style=\"font-size: xx-large;\">Ne sous estimez pas VPM\u00e9dias<\/span> <\/cite><\/p>\n<p>&nbsp;<\/p>\n","protected":false},"excerpt":{"rendered":"<p>Le premier portrait d&rsquo;une longue lign\u00e9e, celui de notre cher Vagal. Venez d\u00e9couvrir des r\u00e9v\u00e9lations et renseignements sur le secr\u00e9taire du FLEC !<\/p>\n","protected":false},"author":48,"featured_media":0,"comment_status":"open","ping_status":"open","sticky":false,"template":"","format":"standard","meta":{"site-container-style":"default","site-container-layout":"default","site-sidebar-layout":"default","disable-article-header":"default","disable-site-header":"default","disable-site-footer":"default","disable-content-area-spacing":"default","footnotes":""},"categories":[312,303,4],"tags":[49],"class_list":["post-8451","post","type-post","status-publish","format-standard","hentry","category-g-a-la-une","category-6-archives","category-2-vpmc","tag-portrait"],"_links":{"self":[{"href":"https:\/\/vpmedias.fr\/index.php?rest_route=\/wp\/v2\/posts\/8451","targetHints":{"allow":["GET"]}}],"collection":[{"href":"https:\/\/vpmedias.fr\/index.php?rest_route=\/wp\/v2\/posts"}],"about":[{"href":"https:\/\/vpmedias.fr\/index.php?rest_route=\/wp\/v2\/types\/post"}],"author":[{"embeddable":true,"href":"https:\/\/vpmedias.fr\/index.php?rest_route=\/wp\/v2\/users\/48"}],"replies":[{"embeddable":true,"href":"https:\/\/vpmedias.fr\/index.php?rest_route=%2Fwp%2Fv2%2Fcomments&post=8451"}],"version-history":[{"count":0,"href":"https:\/\/vpmedias.fr\/index.php?rest_route=\/wp\/v2\/posts\/8451\/revisions"}],"wp:attachment":[{"href":"https:\/\/vpmedias.fr\/index.php?rest_route=%2Fwp%2Fv2%2Fmedia&parent=8451"}],"wp:term":[{"taxonomy":"category","embeddable":true,"href":"https:\/\/vpmedias.fr\/index.php?rest_route=%2Fwp%2Fv2%2Fcategories&post=8451"},{"taxonomy":"post_tag","embeddable":true,"href":"https:\/\/vpmedias.fr\/index.php?rest_route=%2Fwp%2Fv2%2Ftags&post=8451"}],"curies":[{"name":"wp","href":"https:\/\/api.w.org\/{rel}","templated":true}]}}