{"id":8768,"date":"2011-11-16T10:31:45","date_gmt":"2011-11-16T08:31:45","guid":{"rendered":"http:\/\/vpmedias.fr\/?p=8768"},"modified":"2011-11-17T18:16:17","modified_gmt":"2011-11-17T16:16:17","slug":"portrait-de-menestsky","status":"publish","type":"post","link":"https:\/\/vpmedias.fr\/?p=8768","title":{"rendered":"Portrait de Menestsky"},"content":{"rendered":"<p align=\"center\"><strong><img loading=\"lazy\" decoding=\"async\" class=\"aligncenter\" title=\"avatar\" src=\"http:\/\/www.votezpourmoi.com\/photos\/8302672.jpg\" alt=\"\" width=\"193\" height=\"128\" \/><br \/>\n<\/strong><\/p>\n<p style=\"text-align: justify;\" align=\"center\"><strong><span style=\"text-decoration: underline;\">-Petite Pr\u00e9sentation<\/span><\/strong><\/p>\n<p style=\"text-align: justify;\">Menestsky, fan de foot et des critiques, n&rsquo;a pas peur de dire ce qu&rsquo;il pense.<\/p>\n<p style=\"text-align: justify;\">Il excelle dans l\u2019art de critiquer une certaine journaliste, ce qui lui vaut d\u00e9j\u00e0 de nombreux ennemis, et ce qui fait de lui d\u00e9j\u00e0 un personnage controvers\u00e9\u00a0!<\/p>\n<p style=\"text-align: justify;\">C\u2019est donc avec un r\u00e9el plaisir que je vais lui dresser le portrait\u00a0!<\/p>\n<p style=\"text-align: justify;\" align=\"center\"><strong><span style=\"text-decoration: underline;\">-\u00ab\u00a0Je veux me faire conna\u00eetre\u00a0\u00bb<\/span><\/strong><\/p>\n<p style=\"text-align: justify;\" align=\"center\">Le but de notre cher invit\u00e9 est de se faire conna\u00eetre sur ce jeu avec son image, et il recherche donc un parti \u00e0 son image. Mais aucun des partis qui l\u2019ont contact\u00e9s ne l\u2019ont convaincus pour le moment\u2026 A bon entendeur.<\/p>\n<p style=\"text-align: justify;\"><strong><span style=\"text-decoration: underline;\">\u00a0<\/span><\/strong><\/p>\n<p style=\"text-align: justify;\" align=\"center\"><strong><span style=\"text-decoration: underline;\">-\u00ab\u00a0Oui, je suis controvers\u00e9.\u00a0\u00bb<\/span><\/strong><\/p>\n<p style=\"text-align: justify;\" align=\"center\">Notre invit\u00e9 du jour alimente souvent la controverse avec des critiques cinglantes et personnes n\u2019y \u00e9chappe. Il assume pleinement cela et se justifie\u00a0en disant que ceux qui le critiquent sont encore plus controvers\u00e9 que lui, et \u00ab\u00a0qu&rsquo;il est donc normal d&rsquo;agir en sauveur de la nation .Amen !\u00a0\u00bb<\/p>\n<p style=\"text-align: justify;\" align=\"center\"><strong><span style=\"text-decoration: underline;\">-\u00ab\u00a0Ils ne me comprennent pas\u00a0\u00bb<\/span><\/strong><\/p>\n<p style=\"text-align: justify;\" align=\"center\">Depuis le d\u00e9but de son parcours sur VPM, il n\u2019a pas encore gagn\u00e9 d\u2019\u00e9toiles, et selon lui, c\u2019est bel et bien \u00e0 cause de ses coups de gueules bien pouss\u00e9s.<\/p>\n<p style=\"text-align: justify;\" align=\"center\">Plusieurs fois il s\u2019est fait trahir ou il a subit de nombreuse fois un \u00ab\u00a0blocus\u00a0\u00bb contre lui. Il dit que ces joueurs l\u00e0 n\u2019ont rien compris \u00e0 ce qu\u2019il est et \u00e0 ce qu\u2019il serait dans ce jeu.<\/p>\n<p style=\"text-align: justify;\" align=\"center\"><strong><span style=\"text-decoration: underline;\">-\u00ab\u00a0F\u00e9l\u00e9non et moi\u00a0? Totalement diff\u00e9rent\u00a0!\u00a0\u00bb<\/span><\/strong><\/p>\n<p style=\"text-align: justify;\" align=\"center\">Menestsky rend en hommage \u00e0 notre journaliste sportif le plus c\u00e9l\u00e8bre en le pl\u00e9biscitant, selon notre vpmien, M\u00e9n\u00e8s aurait tout \u00e0 fait sa place en politique, que c\u2019est quelqu\u2019un de juste et de fascinant.<\/p>\n<p style=\"text-align: justify;\" align=\"center\">Quand on apprend \u00e0 notre interview\u00e9 que certains joueur le consid\u00e8re \u00e0 une certaine coll\u00e8gue journaliste,\u00a0 il nous assure qu\u2019il s\u2019agit de deux profils totalement diff\u00e9rent. Et \u00e0 ceux qui trouve sa critique plate et facile, il leurs r\u00e9pond en disant qu\u2019il \u00e9l\u00e8vera son niveau de critique quand les sujet seront plus int\u00e9ressants\u2026<\/p>\n<p style=\"text-align: justify;\" align=\"center\"><strong><span style=\"text-decoration: underline;\">-\u00ab\u00a0Je me pose des questions\u00a0\u00bb<\/span><\/strong><\/p>\n<p style=\"text-align: justify;\" align=\"center\">Quand Menestsky nous parle de la future pr\u00e9sidentielle et de sa possible candidature, il nous assure ne pas vouloir se lancer dans un projet pareil sans comprendre totalement les enjeux de VPM.<\/p>\n<p style=\"text-align: justify;\" align=\"center\">\u00ab\u00a0Je suis en p\u00e9riode o\u00f9 je me pause les questions, o\u00f9 j&rsquo;essaye de r\u00e9pondre \u00e0 certaines question, \u00e0 savoir qui pourrait s&rsquo;associer \u00e0 un projet pr\u00e9sidentiel.\u00a0\u00bb<\/p>\n<p style=\"text-align: justify;\" align=\"center\"><strong><span style=\"text-decoration: underline;\">-Notre syst\u00e8me est \u00e0 bout de souffle\u00a0\u00bb<\/span><\/strong><\/p>\n<p style=\"text-align: justify;\" align=\"center\">\u00ab\u00a0Notre syst\u00e8me arrive \u00e0 bout de souffle \u00e0 l&rsquo;image de notre pr\u00e9sidente qui est bafou\u00e9e par certain qui ne se souviennent pas gr\u00e2ce \u00e0 qui aujourd&rsquo;hui elle est \u00e0 ce poste.\u00a0\u00bb<\/p>\n<p style=\"text-align: justify;\">Menestsky se dit donc plut\u00f4t Saphirien car chlochlo m\u00e8nerait une campagne sur une route o\u00f9 personne ne veut la contredire, et \u00e9videmment ne ferais strictement rien pour aider VPM \u00e0 se d\u00e9velopper et \u00e0 s\u2019am\u00e9liorer\u00a0: \u00ab\u00a0je ne suis pas de ceux qui pensent tout savoir et qui au final ne feront rien ! Hommage \u00e0 toi Chlochlo, Hommage \u00e0 toi !\u00a0\u00bb<\/p>\n<p style=\"text-align: justify;\"><strong>\u00a0<\/strong><\/p>\n<p style=\"text-align: justify;\"><strong>\u00a0<\/strong><\/p>\n<p style=\"text-align: justify;\" align=\"center\"><strong><span style=\"text-decoration: underline;\">-Un peu de d\u00e9tente<\/span><\/strong><\/p>\n<p style=\"text-align: justify;\" align=\"center\"><span style=\"text-decoration: underline;\">Un multi?<strong> <\/strong><\/span><strong><br \/>\n\u00bb<\/strong>Je suis plut\u00f4t multigout que fraise ou menthe pour les Misterfreeze c&rsquo;est sur &#8230;\u00a0\u00bb<\/p>\n<p style=\"text-align: justify;\" align=\"center\"><span style=\"text-decoration: underline;\">IRL, o\u00f9 habite tu?<br \/>\n<\/span>\u00a0\u00bbJe suis nomade .D\u00e9couvrir les pays les peuples, des gens aussi affreux que Ludu, d\u00e9couvrir des paysage aussi \u00e9trange que MrBanana, c&rsquo;est fabuleux !\u00a0\u00bb<\/p>\n<p style=\"text-align: justify;\" align=\"center\"><span style=\"text-decoration: underline;\">La petite derni\u00e8re : plut\u00f4t cuir ou dentelle ?<\/span><br \/>\n\u00ab\u00a0La dentelle actuellement vous va \u00e0 merveille.\u00a0\u00bb<\/p>\n<p style=\"text-align: justify;\" align=\"center\"><strong>Voil\u00e0 chers lecteurs, sur cette note d&rsquo;humour, ce portrait est donc termin\u00e9, rendez vous la semaine prochaine avec Krusty pour un nouveau portrait.<\/strong><\/p>\n","protected":false},"excerpt":{"rendered":"<p>Bonjour a tous chers VPMiens et VPMiennes, comme chaque mercredi voil\u00e0 un portrait. Avec Krusty nous nous r\u00e9partissons les t\u00e2ches donc nous alternons pour pouvoir vous servir un maximum.<\/p>\n","protected":false},"author":57,"featured_media":0,"comment_status":"open","ping_status":"open","sticky":false,"template":"","format":"standard","meta":{"site-container-style":"default","site-container-layout":"default","site-sidebar-layout":"default","disable-article-header":"default","disable-site-header":"default","disable-site-footer":"default","disable-content-area-spacing":"default","footnotes":""},"categories":[4],"tags":[49],"class_list":["post-8768","post","type-post","status-publish","format-standard","hentry","category-2-vpmc","tag-portrait"],"_links":{"self":[{"href":"https:\/\/vpmedias.fr\/index.php?rest_route=\/wp\/v2\/posts\/8768","targetHints":{"allow":["GET"]}}],"collection":[{"href":"https:\/\/vpmedias.fr\/index.php?rest_route=\/wp\/v2\/posts"}],"about":[{"href":"https:\/\/vpmedias.fr\/index.php?rest_route=\/wp\/v2\/types\/post"}],"author":[{"embeddable":true,"href":"https:\/\/vpmedias.fr\/index.php?rest_route=\/wp\/v2\/users\/57"}],"replies":[{"embeddable":true,"href":"https:\/\/vpmedias.fr\/index.php?rest_route=%2Fwp%2Fv2%2Fcomments&post=8768"}],"version-history":[{"count":0,"href":"https:\/\/vpmedias.fr\/index.php?rest_route=\/wp\/v2\/posts\/8768\/revisions"}],"wp:attachment":[{"href":"https:\/\/vpmedias.fr\/index.php?rest_route=%2Fwp%2Fv2%2Fmedia&parent=8768"}],"wp:term":[{"taxonomy":"category","embeddable":true,"href":"https:\/\/vpmedias.fr\/index.php?rest_route=%2Fwp%2Fv2%2Fcategories&post=8768"},{"taxonomy":"post_tag","embeddable":true,"href":"https:\/\/vpmedias.fr\/index.php?rest_route=%2Fwp%2Fv2%2Ftags&post=8768"}],"curies":[{"name":"wp","href":"https:\/\/api.w.org\/{rel}","templated":true}]}}