{"id":9423,"date":"2011-12-15T23:37:09","date_gmt":"2011-12-15T21:37:09","guid":{"rendered":"http:\/\/vpmedias.fr\/?p=9423"},"modified":"2011-12-18T21:08:56","modified_gmt":"2011-12-18T19:08:56","slug":"interview-de-chlochlo-qui-sannonce-candidate-aux-presidentielles","status":"publish","type":"post","link":"https:\/\/vpmedias.fr\/?p=9423","title":{"rendered":"Interview de Chlochlo qui s&rsquo;annonce candidate aux pr\u00e9sidentielles."},"content":{"rendered":"<ul style=\"text-align: justify;\">\n<li><strong>Bonjour Chlochlo , merci beaucoup de m&rsquo;accorder un peu de ton temps pour cette interview. Tout d&rsquo;abord , qu&rsquo;as-tu \u00e0 r\u00e9pondre \u00e0 tous ces gens qui trouvent l&rsquo;opposition ridicule ?<\/strong><\/li>\n<\/ul>\n<div style=\"text-align: justify;\">Bien, le bonsoir nico,<br \/>\nTous d&rsquo;abord je pense que les gens ont le droit de penser ce qu&rsquo;ils veulent, principe fondamental de la D\u00e9mocratie, par ailleurs, il n&rsquo;y a pas de d\u00e9mocratie sans opposants ou opposition au pouvoir en place au quel cas le r\u00e9gime est une oligarchie ou monarchie !<\/div>\n<div style=\"text-align: justify;\">De plus, ceux qui critique l&rsquo;opposition ne sont pas capable de tenir une ligne ferme tel que nous le faisons, il vacille entre oui au pr\u00e9sident et oui au retour de la d\u00e9mocratie et oui au retour du joueur comme acteur !<br \/>\nDe plus, je trouve que ces personne l\u00e0 on un esprit assez ferm\u00e9, en effet avou\u00e9 que des choses sont a chang\u00e9 dans un syst\u00e8me donn\u00e9 est une preuve de ouverture d&rsquo;esprit !<\/div>\n<div style=\"text-align: justify;\">\n<ul>\n<li><strong>Peut-\u00eatre , mais cela ne change rien au fait que l&rsquo;opposition soit mal organis\u00e9e. Tu avoues que l&rsquo;opposition manque parfois de \u00ab\u00a0professionalisme\u00a0\u00bb ?<\/strong><\/li>\n<\/ul>\n<div>Bien, nous ne manquons plus de professionnalisme depuis l&rsquo;annonce qu&rsquo;un candidat sera pr\u00e9sent pour le palais pr\u00e9sidentiel, aucun membre n&rsquo;a commis de fautes, tout le monde c&rsquo;est ratach\u00e9 deriere une voix, et si tu es malin tu sais qui se pr\u00e9sentera \u00e0 l&rsquo;\u00e9lection.<\/div>\n<div>\n<ul>\n<li><strong>Malheuresement je ne suis pas malin. Donc qui sera le candidat de l&rsquo;oppositon aux pr\u00e9sidentielles ?<\/strong><\/li>\n<\/ul>\n<div>Moi =)<\/div>\n<\/div>\n<div>\n<ul>\n<li><strong>Quelles seront les grandes lignes de ton programme ?<br \/>\n<\/strong><\/li>\n<\/ul>\n<div>Tu le verra prochainement en tout cas, la solidarit\u00e9, la mise en acteur du joueur seront les principes m\u00eame de tout.<\/div>\n<div>\n<ul>\n<li><strong>Que pense tu de tes adversaires ? Qu&rsquo;as tu de plus qu&rsquo;eux ?<br \/>\n<\/strong><\/li>\n<\/ul>\n<div>Mes adversaires ? Tout d&rsquo;abord, je n&rsquo;ai pas des adversaires.Je n&rsquo;en ai qu&rsquo;un, celui de la dictature.<br \/>\nD\u00e9j\u00e0, beaucoup comme Kenpachii ou Mastom on jet\u00e9e l&rsquo;\u00e9ponge. Moi je ne la jeterai pas car qu&rsquo;es-ce qui fait que je suis pr\u00e9sidentiable ? Tout d&rsquo;abord ma d\u00e9termination, et mon \u00e9coute, ainsi que mon self contr\u00f4le et ma diplomatie. Bien sur par moment des choses m&rsquo;agace mais je reste ferme sur mes positions. Je n&rsquo;harangue pas les joueurs, au contraire.Je suis pour la v\u00e9rit\u00e9, et beaucoup l&rsquo;on compris ! Tendis que mon adversaire ,le despotisme, harangue, ment et change de position au gr\u00e9 de son humeur !<\/div>\n<div>\n<ul>\n<li><strong>Mais que pense-tu de Raito , KrustyFrancky , Vagal , Louisti ? Ont-ils une chance de gagner o\u00f9 tu seras imbattable ?<br \/>\n<\/strong><\/li>\n<\/ul>\n<div>Raito, est tr\u00e8s fort dans les paroles mais pas dans les actes. Mon fr\u00e8re l&rsquo;a d\u00e9j\u00e0 fait perdre.<br \/>\nKrustyFrancky\u00a0, on sent qu&rsquo;il veut y aller mais il ne dispose pas assez de r\u00e9seau.<br \/>\nVagal, c&rsquo;est Saphir n\u00b02.<br \/>\nLouisti\u00a0, je m&rsquo;en m\u00e9fie. Il pourrait jouer un r\u00f4le dans la pr\u00e9sidentielle<br \/>\nJe me m\u00e9fie surtout de Kevinjojo.<br \/>\nCeux qui on le plus de chance je n&rsquo;en sais rien, le peuple est libre de son choix.<br \/>\nJe ne serais pas non plus imbattable, mais je vais tout faire pour l&rsquo;\u00eatre.<\/div>\n<div>\n<ul>\n<li><strong>Est-ce qu&rsquo;il y a au moins une chose que tu estime positive dans le bilan de saphir ?<br \/>\n<\/strong><\/li>\n<\/ul>\n<div>Une chose positive ? \u00a0je pense pas. Ah si celle de devoir cr\u00e9\u00e9 une opposition forte qui a d\u00e9j\u00e0 fait plusieurs fois plier saphir.<\/div>\n<div>\n<ul>\n<li><strong>Explique-nous exactement ce qu&rsquo;il ne te plait pas chez saphir ?<\/strong><\/li>\n<\/ul>\n<div>Tout d&rsquo;abord, son programme me semblait vraiment fouillis et pas assez ambitieux.<\/div>\n<div>De plus , apr\u00e8s son arriv\u00e9 au pouvoir, il a pris des vacances. Ce que je trouve d\u00e9placer.<\/div>\n<div>De plus , il a toujours, privil\u00e9gi\u00e9 ces amis et n&rsquo;a que tr\u00e8s peux aider les partis en difficult\u00e9s. Il n&rsquo;a pas suivit son semblant de programme faisant des promesses dans le vent aux joueurs. Il a par ailleurs contribu\u00e9 \u00e0 une ambiance pourrit sur VPM, il a dessouder la communaut\u00e9.<br \/>\nEt je pense que le fait qu&rsquo;il se prend un dictateur m&rsquo;a fait grinc\u00e9 des dents comme beaucoup de monde.<br \/>\nRappelons aussi que Saphir n&rsquo;a pas de charisme il a d\u00e9j\u00e0 d\u00e9poser sa d\u00e9mission une fois<strong> !<\/strong><\/div>\n<\/div>\n<div>\n<ul>\n<li><strong>Est-ce vrai que tu es un multi de saphir ?<\/strong><\/li>\n<\/ul>\n<div>A toi d&rsquo;essayer de faire la lumi\u00e8re.<\/div>\n<h2><strong>Questions rapides.\u00a0<\/strong><\/h2>\n<p><strong>\u00a4 Pr\u00e9sident pr\u00e9f\u00e9r\u00e9 ?<\/strong> Satya<br \/>\n<strong>\u00a4 Mod\u00e9rateur pr\u00e9f\u00e9r\u00e9 ?<\/strong> Ubix<br \/>\n<strong>\u00a4 Ville pr\u00e9f\u00e9r\u00e9e ?<\/strong> Vannes<br \/>\n<strong>\u00a4 Couleur pr\u00e9f\u00e9r\u00e9e ?<\/strong> Bleu<br \/>\n<strong>\u00a4 Parfum de glace pr\u00e9f\u00e9r\u00e9 ?<\/strong> Chocolat pistache<br \/>\n<strong>\u00a4 Chanson pr\u00e9f\u00e9r\u00e9e ?<\/strong> L&rsquo;amour brille<br \/>\n<strong>\u00a4 Auteur pr\u00e9f\u00e9r\u00e9 ?<\/strong> Primo Levi<br \/>\n<strong>\u00a4 Film pr\u00e9f\u00e9r\u00e9 ?<\/strong> Neuilly sa m\u00e8re<br \/>\n<strong>\u00a4 Sport pr\u00e9f\u00e9r\u00e9 ?<\/strong> Natation<br \/>\n<strong>\u00a4 Un objet que tu emporterais sur une \u00eele d\u00e9serte ?<\/strong> Une radio<br \/>\n<strong>\u00a4 Les trois joueurs que tu voudrais rencontrer IRL ?<\/strong> cracotte, yahoo clemish<br \/>\n<strong>\u00a4 Tes trois plus grandes qualit\u00e9s ?<\/strong> \u00e9coute, persistance, id\u00e9es<br \/>\n<strong>\u00a4 Tes trois plus grands d\u00e9fauts ?<\/strong> rapidit\u00e9, peu de patiente, orthographe<\/p>\n<h2 style=\"font-size: 18px;\"><strong>Questions bonus.<\/strong><\/h2>\n<p><strong>Saphir ou Sarkasme ?<\/strong> Sarkasme<br \/>\n<strong>Saphir ou Talisman ?<\/strong> Talisman<br \/>\n<strong>FCL ou Parti des normands \u00e9nerv\u00e9s ?<\/strong> FCL<br \/>\n<strong>Grande gueule ou diplomate ?<\/strong> Diplomate<br \/>\n<strong>Passion ou raison ?<\/strong> Passion<br \/>\n<strong>\u00ab VPM pour toujours \u00bb ou \u00ab VPM on verra bien \u00bb ?<\/strong> VPM pour toujours<\/p>\n<\/div>\n<\/div>\n<\/div>\n<\/div>\n<\/div>\n<\/div>\n","protected":false},"excerpt":{"rendered":"<p>Interview de Chlochlo qui annonce sa candidature aux pr\u00e9sidentielles , d\u00e9fend l&rsquo;opposition et critique Saphir et Raito. J&rsquo;ai essayer de corriger le maximum de fautes mais j&rsquo;en ai surement loup\u00e9.<\/p>\n","protected":false},"author":44,"featured_media":0,"comment_status":"open","ping_status":"open","sticky":false,"template":"","format":"standard","meta":{"site-container-style":"default","site-container-layout":"default","site-sidebar-layout":"default","disable-article-header":"default","disable-site-header":"default","disable-site-footer":"default","disable-content-area-spacing":"default","footnotes":""},"categories":[4],"tags":[34,433,54,418],"class_list":["post-9423","post","type-post","status-publish","format-standard","hentry","category-2-vpmc","tag-interview","tag-opposition","tag-president","tag-presidentielle"],"_links":{"self":[{"href":"https:\/\/vpmedias.fr\/index.php?rest_route=\/wp\/v2\/posts\/9423","targetHints":{"allow":["GET"]}}],"collection":[{"href":"https:\/\/vpmedias.fr\/index.php?rest_route=\/wp\/v2\/posts"}],"about":[{"href":"https:\/\/vpmedias.fr\/index.php?rest_route=\/wp\/v2\/types\/post"}],"author":[{"embeddable":true,"href":"https:\/\/vpmedias.fr\/index.php?rest_route=\/wp\/v2\/users\/44"}],"replies":[{"embeddable":true,"href":"https:\/\/vpmedias.fr\/index.php?rest_route=%2Fwp%2Fv2%2Fcomments&post=9423"}],"version-history":[{"count":0,"href":"https:\/\/vpmedias.fr\/index.php?rest_route=\/wp\/v2\/posts\/9423\/revisions"}],"wp:attachment":[{"href":"https:\/\/vpmedias.fr\/index.php?rest_route=%2Fwp%2Fv2%2Fmedia&parent=9423"}],"wp:term":[{"taxonomy":"category","embeddable":true,"href":"https:\/\/vpmedias.fr\/index.php?rest_route=%2Fwp%2Fv2%2Fcategories&post=9423"},{"taxonomy":"post_tag","embeddable":true,"href":"https:\/\/vpmedias.fr\/index.php?rest_route=%2Fwp%2Fv2%2Ftags&post=9423"}],"curies":[{"name":"wp","href":"https:\/\/api.w.org\/{rel}","templated":true}]}}