{"id":970,"date":"2010-03-27T10:33:55","date_gmt":"2010-03-27T08:33:55","guid":{"rendered":"http:\/\/vpmedias.fr\/?p=970"},"modified":"2011-04-04T23:02:51","modified_gmt":"2011-04-04T21:02:51","slug":"editorial-cocktail-dactu-de-vpmedias","status":"publish","type":"post","link":"https:\/\/vpmedias.fr\/?p=970","title":{"rendered":"[\u00c9ditorial] Cocktail d&rsquo;actu de VPM\u00e9dias"},"content":{"rendered":"<p>Bonjour, et bienvenue dans notre \u00e9ditorial! Aujourd&rsquo;hui, vu que cette chronique sera le r\u00e9sultat des notes que j&rsquo;ai prises r\u00e9guli\u00e8rement ces derniers temps et que j&rsquo;ai la flemme de les classer, je pr\u00e9senterai tout sous forme de points fourre-tout, et consid\u00e8rerai cela comme un article avant-gardiste, ne vous en d\u00e9plaise. 8)<\/p>\n<p><!--more--><\/p>\n<ul>\n<li>Le VPM News, comme promis depuis longtemps, a \u00e9t\u00e9 r\u00e9h\u00e9berg\u00e9 et archiv\u00e9 sur VPM\u00e9dias, afin de pr\u00e9server ce monument m\u00e9diatique VPMien. Ainsi, vous pourrez retrouver sur <a title=\"Archives du VPM News\" href=\"http:\/\/vpmedias.fr\/?page_id=857\" target=\"_blank\">cette page<\/a> toutes les pages des anciens num\u00e9ros du News, ainsi que les derniers articles publi\u00e9s sur la derni\u00e8re version du News. Amis nostalgiques, replongez-vous sans attendre dans tous ces souvenirs ! Le Pilote Au Thon Mastique suivra, ainsi que Kronik (ce dernier demandant beaucoup plus d&rsquo;investissement vu le nombre d&rsquo;articles \u00e0 republier). Chose promise, chose due, donc.<\/li>\n<\/ul>\n<ul>\n<li>Je ne reviendrai pas sur les Pr\u00e9sidentielles, que j&rsquo;\u00e9voque d\u00e9j\u00e0 <a title=\"Article de VPM\u00e9dias\" href=\"http:\/\/vpmedias.fr\/?p=951\" target=\"_blank\">par ici<\/a>. Oui, j&rsquo;en parle pour ne pas revenir dessus. Classique. (a)<\/li>\n<\/ul>\n<ul>\n<li>Grande nouvelle pour VPM\u00e9dias! Nous avons r\u00e9cemment battu notre record de fr\u00e9quentation, avec non moins de 430 visiteurs le 20 mars! En outre, pendant toute la campagne, gr\u00e2ce entre autres a la cr\u00e9ativit\u00e9 de nos candidats qui ont envoy\u00e9 l&rsquo;article via une <a href=\"http:\/\/vpmedias.fr\/?page_id=110\">Tribune Libre<\/a> qui n&rsquo;a jamais aussi bien fonctionn\u00e9 (la preuve <a href=\"http:\/\/vpmedias.fr\/?author=14\" target=\"_blank\">ici<\/a>), nous avons sans cesse eu une fr\u00e9quentation de 150 \u00e0 250 visiteurs par jour. C&rsquo;est une grande joie pour nous tous, et nous vous en remercions! Si une vocation soudaine de journaliste s&rsquo;\u00e9veille en vous, n&rsquo;h\u00e9sitez pas \u00e0 rejoindre les rangs de nos journalistes ou \u00e0 envoyer vos articles via <a title=\"La Tribune Libre\" href=\"http:\/\/vpmedias.fr\/?page_id=110\" target=\"_blank\">La Tribune Libre<\/a>, anonymement ou pas. :D<\/li>\n<\/ul>\n<ul>\n<li>Revenons sur cette <a title=\"La Tribune Libre\" href=\"http:\/\/vpmedias.fr\/?page_id=110\" target=\"_blank\">Tribune Libre<\/a> justement. Sachez qu&rsquo;elle est enfin fonctionnelle! Vous trouverez aussi le lien vers son formulaire dans le menu de VPM\u00e9dias. En outre, un nouveau compte de journaliste, la Tribune Libre, a \u00e9t\u00e9 cr\u00e9\u00e9 pour publier les articles envoy\u00e9s via ce dispositif.<\/li>\n<\/ul>\n<ul>\n<li>VPM\u00e9dias se joint \u00e0 la fabuleuse initiative de Ouicmoi, les Parrains du Coeur, et a publi\u00e9 la liste et l&rsquo;explication du concept dans la Bible du VPMien, <a title=\"Page de VPM\u00e9dias\" href=\"http:\/\/vpmedias.fr\/?page_id=749\" target=\"_blank\">par ici<\/a>.<\/li>\n<\/ul>\n<ul>\n<li>VPM\u00e9dias met d\u00e9sormais en valeur, dans sa colonne de droite, les meilleurs commentateurs et les journalistes les plus prolifiques. La comp\u00e9tition est ouveeerte! :D ^^<\/li>\n<\/ul>\n<ul>\n<li>VPM\u00e9diaaas (anaphore, quand tu nous tieeens!) a \u00e9galement republi\u00e9 la liste des villes de VPM class\u00e9es par r\u00e9gions, sur une id\u00e9e originale de K\u00e9vinjojo, qui g\u00e8re une autre archive du Cohu Bohu <a title=\"Forum externe\" href=\"http:\/\/cohubohu-vpm.eurodiscussion.net\/\" target=\"_blank\">par ici<\/a>. La liste est <a title=\"Page de VPM\u00e9dias\" href=\"http:\/\/vpmedias.fr\/?page_id=963\" target=\"_blank\">par l\u00e0<\/a>. (je vous ai \u00e9gar\u00e9s ? ^^)<\/li>\n<\/ul>\n<ul>\n<li>Comme d&rsquo;hab&rsquo;, j&rsquo;ai encore plein d&rsquo;id\u00e9es pour VPM\u00e9dias. J&rsquo;essaye de vous pr\u00e9parer quelques surprises. ;) Quelques pistes ? Des articles plus interactifs, avec la possibilit\u00e9 d&rsquo;int\u00e9grer des sondages aux articles et\/ou des sondages dans la colonne de droite, un aspect communautaire plus fort avec peut-\u00eatre m\u00eame un Espace Membres (encore \u00e0 d\u00e9finir), la cr\u00e9ation d&rsquo;une page r\u00e9unissant toutes les vid\u00e9os cr\u00e9\u00e9es par les VPMiens qui serait vraiment int\u00e9ressante, \u00e0 condition d&rsquo;avoir l&rsquo;accord des auteurs des vid\u00e9os&#8230; Que pensez-vous de tout \u00e7a ? N&rsquo;h\u00e9sitez pas \u00e0 commenter, votre avis nous int\u00e9resse, et VPM\u00e9dias se fait \u00e0 travers vous. =)<\/li>\n<\/ul>\n<ul>\n<li>Les lamas, c&rsquo;est bien.<\/li>\n<\/ul>\n<ul>\n<li>Et enfin, Serge Lama, c&rsquo;est le mal.<\/li>\n<\/ul>\n<ul>\n<li>Donnez-moiii milleuh colooombeuhs!<\/li>\n<\/ul>\n<ul>\n<li>Ahem.<\/li>\n<\/ul>\n<p>NB : c&rsquo;est fini. Vous \u00eates lib\u00e9r\u00e9s. Ne me remerciez pas. C&rsquo;est pas naturel.<\/p>\n","protected":false},"excerpt":{"rendered":"<p>Bonjour, et bienvenue dans notre \u00e9ditorial! Aujourd&rsquo;hui, vu que cette chronique sera le r\u00e9sultat des notes que j&rsquo;ai prises r\u00e9guli\u00e8rement ces derniers temps et que j&rsquo;ai la flemme de les classer, je pr\u00e9senterai tout sous forme de points fourre-tout, et consid\u00e8rerai cela comme un article avant-gardiste, ne vous en d\u00e9plaise. 8)<\/p>\n","protected":false},"author":2,"featured_media":0,"comment_status":"open","ping_status":"open","sticky":false,"template":"","format":"standard","meta":{"site-container-style":"default","site-container-layout":"default","site-sidebar-layout":"default","disable-article-header":"default","disable-site-header":"default","disable-site-footer":"default","disable-content-area-spacing":"default","footnotes":""},"categories":[3],"tags":[32,24,14,26],"class_list":["post-970","post","type-post","status-publish","format-standard","hentry","category-1-vpmi","tag-editorial","tag-medias","tag-presidentielles","tag-vpmedias"],"_links":{"self":[{"href":"https:\/\/vpmedias.fr\/index.php?rest_route=\/wp\/v2\/posts\/970","targetHints":{"allow":["GET"]}}],"collection":[{"href":"https:\/\/vpmedias.fr\/index.php?rest_route=\/wp\/v2\/posts"}],"about":[{"href":"https:\/\/vpmedias.fr\/index.php?rest_route=\/wp\/v2\/types\/post"}],"author":[{"embeddable":true,"href":"https:\/\/vpmedias.fr\/index.php?rest_route=\/wp\/v2\/users\/2"}],"replies":[{"embeddable":true,"href":"https:\/\/vpmedias.fr\/index.php?rest_route=%2Fwp%2Fv2%2Fcomments&post=970"}],"version-history":[{"count":0,"href":"https:\/\/vpmedias.fr\/index.php?rest_route=\/wp\/v2\/posts\/970\/revisions"}],"wp:attachment":[{"href":"https:\/\/vpmedias.fr\/index.php?rest_route=%2Fwp%2Fv2%2Fmedia&parent=970"}],"wp:term":[{"taxonomy":"category","embeddable":true,"href":"https:\/\/vpmedias.fr\/index.php?rest_route=%2Fwp%2Fv2%2Fcategories&post=970"},{"taxonomy":"post_tag","embeddable":true,"href":"https:\/\/vpmedias.fr\/index.php?rest_route=%2Fwp%2Fv2%2Ftags&post=970"}],"curies":[{"name":"wp","href":"https:\/\/api.w.org\/{rel}","templated":true}]}}