{"id":9859,"date":"2011-12-29T11:36:58","date_gmt":"2011-12-29T09:36:58","guid":{"rendered":"http:\/\/vpmedias.fr\/?p=9859"},"modified":"2011-12-29T11:48:21","modified_gmt":"2011-12-29T09:48:21","slug":"second-tour-de-la-presidentielle-le-direct","status":"publish","type":"post","link":"https:\/\/vpmedias.fr\/?p=9859","title":{"rendered":"Second Tour de la Pr\u00e9sidentielle : le direct !"},"content":{"rendered":"<p style=\"text-align: justify;\">Plusieurs de nos journalistes pourront poster en direct des informations, sondages, et autres, \u00e0 propos de la Pr\u00e9sidentielle. Vous \u00eates invit\u00e9s \u00e0 <strong>r\u00e9agir et commenter<\/strong> \u00e0 votre gr\u00e9 toutes les nouveaut\u00e9s.<\/p>\n<p style=\"text-align: justify;\">Dans le cadre de l&rsquo;organisation du d\u00e9bat de l&rsquo;entre-deux-tours, vous serez tenus inform\u00e9s en temps r\u00e9el de l&rsquo;\u00e9volution des \u00e9changes, et <strong>vous \u00eates invit\u00e9s \u00e0 poster dans le module du direct les questions que vous souhaitez voir pos\u00e9es \u00e0 Vagal ou Krustyfrancky<\/strong>.<\/p>\n<p>\u00a0\u00a0\u00a0\u00a0\u00a0\u00a0\u00a0<iframe loading=\"lazy\" src=\"http:\/\/www.coveritlive.com\/index2.php\/option=com_altcaster\/task=viewaltcast\/altcast_code=645c07b0c1\/height=550\/width=470\" frameborder=\"0\" scrolling=\"no\" width=\"470px\" height=\"550px\"><\/iframe><\/p>\n<p style=\"text-align: center;\"><span style=\"font-size: x-large; font-family: impact,chicago; color: #800000;\">A vous de jouer !<\/span><\/p>\n","protected":false},"excerpt":{"rendered":"<p>VPM\u00e9dias vous invite \u00e0 suivre en direct toutes les informations sur l&rsquo;actualit\u00e9 de la Pr\u00e9sidentielle et le d\u00e9bat du Second Tour !<\/p>\n","protected":false},"author":2,"featured_media":0,"comment_status":"open","ping_status":"open","sticky":false,"template":"","format":"standard","meta":{"site-container-style":"default","site-container-layout":"default","site-sidebar-layout":"default","disable-article-header":"default","disable-site-header":"default","disable-site-footer":"default","disable-content-area-spacing":"default","footnotes":""},"categories":[312,4],"tags":[418],"class_list":["post-9859","post","type-post","status-publish","format-standard","hentry","category-g-a-la-une","category-2-vpmc","tag-presidentielle"],"_links":{"self":[{"href":"https:\/\/vpmedias.fr\/index.php?rest_route=\/wp\/v2\/posts\/9859","targetHints":{"allow":["GET"]}}],"collection":[{"href":"https:\/\/vpmedias.fr\/index.php?rest_route=\/wp\/v2\/posts"}],"about":[{"href":"https:\/\/vpmedias.fr\/index.php?rest_route=\/wp\/v2\/types\/post"}],"author":[{"embeddable":true,"href":"https:\/\/vpmedias.fr\/index.php?rest_route=\/wp\/v2\/users\/2"}],"replies":[{"embeddable":true,"href":"https:\/\/vpmedias.fr\/index.php?rest_route=%2Fwp%2Fv2%2Fcomments&post=9859"}],"version-history":[{"count":0,"href":"https:\/\/vpmedias.fr\/index.php?rest_route=\/wp\/v2\/posts\/9859\/revisions"}],"wp:attachment":[{"href":"https:\/\/vpmedias.fr\/index.php?rest_route=%2Fwp%2Fv2%2Fmedia&parent=9859"}],"wp:term":[{"taxonomy":"category","embeddable":true,"href":"https:\/\/vpmedias.fr\/index.php?rest_route=%2Fwp%2Fv2%2Fcategories&post=9859"},{"taxonomy":"post_tag","embeddable":true,"href":"https:\/\/vpmedias.fr\/index.php?rest_route=%2Fwp%2Fv2%2Ftags&post=9859"}],"curies":[{"name":"wp","href":"https:\/\/api.w.org\/{rel}","templated":true}]}}