{"id":38,"name":"Valerie","url":"","description":"Qu\u00e9becoise embl\u00e9matique de VPM, Valerie \u00e9tait d\u00e9j\u00e0 journaliste pour Le Pilote, anc\u00eatre de VPM\u00e9dias, pour lequel elle a r\u00e9dig\u00e9 la premi\u00e8re analyse du classement national en 2008 ! Elle lance en 2016 la Citation de la Semaine.","link":"https:\/\/vpmedias.fr\/?author=38","slug":"valerie","avatar_urls":{"24":"https:\/\/secure.gravatar.com\/avatar\/081882c2904dcc02ab4b61c57b919033?s=24&d=mm&r=g","48":"https:\/\/secure.gravatar.com\/avatar\/081882c2904dcc02ab4b61c57b919033?s=48&d=mm&r=g","96":"https:\/\/secure.gravatar.com\/avatar\/081882c2904dcc02ab4b61c57b919033?s=96&d=mm&r=g"},"meta":[],"_links":{"self":[{"href":"https:\/\/vpmedias.fr\/index.php?rest_route=\/wp\/v2\/users\/38","targetHints":{"allow":["GET"]}}],"collection":[{"href":"https:\/\/vpmedias.fr\/index.php?rest_route=\/wp\/v2\/users"}]}}